{"id":6504,"date":"2021-05-05T08:40:14","date_gmt":"2021-05-05T07:40:14","guid":{"rendered":"https:\/\/gubineczakos.hu\/?p=6504"},"modified":"2023-11-23T19:53:02","modified_gmt":"2023-11-23T18:53:02","slug":"eloadomuveszet","status":"publish","type":"post","link":"https:\/\/gubineczakos.hu\/en\/eloadomuveszet\/","title":{"rendered":"Performing arts"},"content":{"rendered":"<div id=\"modal-ready\">\n<p>Koncerteken, el\u0151ad\u00e1sokon val\u00f3 k\u00f6zrem\u0171k\u00f6d\u00e9s, zenekarral, citerak\u00eds\u00e9rettel, \u00e9s sz\u00f3l\u00f3ban egyar\u00e1nt. <\/p>\n<\/div>","protected":false},"excerpt":{"rendered":"<p>Koncerteken, el\u0151ad\u00e1sokon val\u00f3 k\u00f6zrem\u0171k\u00f6d\u00e9s, zenekarral, citerak\u00eds\u00e9rettel, \u00e9s sz\u00f3l\u00f3ban egyar\u00e1nt.<\/p>","protected":false},"author":2,"featured_media":5811,"comment_status":"open","ping_status":"open","sticky":false,"template":"","format":"standard","meta":{"inline_featured_image":false,"_uag_custom_page_level_css":"","_uf_show_specific_survey":0,"_uf_disable_surveys":false,"_jetpack_memberships_contains_paid_content":false,"footnotes":""},"categories":[87],"tags":[],"class_list":["post-6504","post","type-post","status-publish","format-standard","has-post-thumbnail","hentry","category-service"],"jetpack_featured_media_url":"https:\/\/gubineczakos.hu\/wp-content\/uploads\/2019\/03\/service-2-compressor.png","uagb_featured_image_src":{"full":["https:\/\/gubineczakos.hu\/wp-content\/uploads\/2019\/03\/service-2-compressor.png",80,80,false],"thumbnail":["https:\/\/gubineczakos.hu\/wp-content\/uploads\/2019\/03\/service-2-compressor.png",80,80,false],"medium":["https:\/\/gubineczakos.hu\/wp-content\/uploads\/2019\/03\/service-2-compressor.png",80,80,false],"medium_large":["https:\/\/gubineczakos.hu\/wp-content\/uploads\/2019\/03\/service-2-compressor.png",80,80,false],"large":["https:\/\/gubineczakos.hu\/wp-content\/uploads\/2019\/03\/service-2-compressor.png",80,80,false],"1536x1536":["https:\/\/gubineczakos.hu\/wp-content\/uploads\/2019\/03\/service-2-compressor.png",80,80,false],"2048x2048":["https:\/\/gubineczakos.hu\/wp-content\/uploads\/2019\/03\/service-2-compressor.png",80,80,false],"trp-custom-language-flag":["https:\/\/gubineczakos.hu\/wp-content\/uploads\/2019\/03\/service-2-compressor.png",12,12,false],"ect-jetpack-portfolio-featured":["https:\/\/gubineczakos.hu\/wp-content\/uploads\/2019\/03\/service-2-compressor.png",80,80,false],"ect-featured-content":["https:\/\/gubineczakos.hu\/wp-content\/uploads\/2019\/03\/service-2-compressor.png",80,80,false],"ect-service":["https:\/\/gubineczakos.hu\/wp-content\/uploads\/2019\/03\/service-2-compressor.png",80,80,false],"ultp_layout_landscape_large":["https:\/\/gubineczakos.hu\/wp-content\/uploads\/2019\/03\/service-2-compressor.png",80,80,false],"ultp_layout_landscape":["https:\/\/gubineczakos.hu\/wp-content\/uploads\/2019\/03\/service-2-compressor.png",80,80,false],"ultp_layout_portrait":["https:\/\/gubineczakos.hu\/wp-content\/uploads\/2019\/03\/service-2-compressor.png",80,80,false],"ultp_layout_square":["https:\/\/gubineczakos.hu\/wp-content\/uploads\/2019\/03\/service-2-compressor.png",80,80,false],"post-thumbnail":["https:\/\/gubineczakos.hu\/wp-content\/uploads\/2019\/03\/service-2-compressor.png",80,80,false],"euphony-archive":["https:\/\/gubineczakos.hu\/wp-content\/uploads\/2019\/03\/service-2-compressor.png",80,80,false],"euphony-archive-landscape":["https:\/\/gubineczakos.hu\/wp-content\/uploads\/2019\/03\/service-2-compressor.png",80,80,false],"euphony-archive-portrait":["https:\/\/gubineczakos.hu\/wp-content\/uploads\/2019\/03\/service-2-compressor.png",80,80,false],"euphony-slider":["https:\/\/gubineczakos.hu\/wp-content\/uploads\/2019\/03\/service-2-compressor.png",80,80,false],"euphony-testimonial":["https:\/\/gubineczakos.hu\/wp-content\/uploads\/2019\/03\/service-2-compressor.png",80,80,false],"euphony-stats":["https:\/\/gubineczakos.hu\/wp-content\/uploads\/2019\/03\/service-2-compressor-70x70.png",70,70,true],"euphony-team":["https:\/\/gubineczakos.hu\/wp-content\/uploads\/2019\/03\/service-2-compressor.png",80,80,false],"euphony-service":["https:\/\/gubineczakos.hu\/wp-content\/uploads\/2019\/03\/service-2-compressor-80x80.png",80,80,true],"euphony-logo-slider":["https:\/\/gubineczakos.hu\/wp-content\/uploads\/2019\/03\/service-2-compressor.png",80,80,false],"bdpp-medium":["https:\/\/gubineczakos.hu\/wp-content\/uploads\/2019\/03\/service-2-compressor.png",80,80,false],"jetpack-portfolio-admin-thumb":["https:\/\/gubineczakos.hu\/wp-content\/uploads\/2019\/03\/service-2-compressor-50x50.png",50,50,true],"featured-content-admin-thumb":["https:\/\/gubineczakos.hu\/wp-content\/uploads\/2019\/03\/service-2-compressor-50x50.png",50,50,true],"service-admin-thumb":["https:\/\/gubineczakos.hu\/wp-content\/uploads\/2019\/03\/service-2-compressor-50x50.png",50,50,true],"woocommerce_thumbnail":["https:\/\/gubineczakos.hu\/wp-content\/uploads\/2019\/03\/service-2-compressor.png",80,80,false],"woocommerce_single":["https:\/\/gubineczakos.hu\/wp-content\/uploads\/2019\/03\/service-2-compressor.png",80,80,false],"woocommerce_gallery_thumbnail":["https:\/\/gubineczakos.hu\/wp-content\/uploads\/2019\/03\/service-2-compressor.png",80,80,false],"awb_sm":["https:\/\/gubineczakos.hu\/wp-content\/uploads\/2019\/03\/service-2-compressor.png",80,80,false],"awb_md":["https:\/\/gubineczakos.hu\/wp-content\/uploads\/2019\/03\/service-2-compressor.png",80,80,false],"awb_lg":["https:\/\/gubineczakos.hu\/wp-content\/uploads\/2019\/03\/service-2-compressor.png",80,80,false],"awb_xl":["https:\/\/gubineczakos.hu\/wp-content\/uploads\/2019\/03\/service-2-compressor.png",80,80,false]},"uagb_author_info":{"display_name":"Matis \u00c1d\u00e1m","author_link":"https:\/\/gubineczakos.hu\/en\/author\/adamita\/"},"uagb_comment_info":0,"uagb_excerpt":"Koncerteken, el\u0151ad\u00e1sokon val\u00f3 k\u00f6zrem\u0171k\u00f6d\u00e9s, zenekarral, citerak\u00eds\u00e9rettel, \u00e9s sz\u00f3l\u00f3ban egyar\u00e1nt.","jetpack_shortlink":"https:\/\/wp.me\/pcNYq5-1GU","jetpack-related-posts":[{"id":7227,"url":"https:\/\/gubineczakos.hu\/en\/csade-zenekar\/","url_meta":{"origin":6504,"position":0},"title":"Cs\u00e1d\u00e9 zenekar","author":"Gubinecz \u00c1kos","date":"2021. September 23.","format":false,"excerpt":"A 2014-ben alakult Cs\u00e1d\u00e9 zenekar fiatal zalai n\u00e9pzen\u00e9szekb\u0151l \u00e1ll. A zenekar m\u00e1r a megalakul\u00e1st\u00f3l kezdve t\u00f6rekedett arra, hogy a K\u00e1rp\u00e1t-medence sz\u00ednes zenei vil\u00e1g\u00e1nak reperto\u00e1rj\u00e1b\u00f3l min\u00e9l t\u00f6bbet elsaj\u00e1t\u00edtson. Legfontosabb c\u00e9ljuk, hogy a magyar n\u00e9pzen\u00e9t bemutass\u00e1k \u00e9s \u00e1tadj\u00e1k minden gener\u00e1ci\u00f3nak koncertek, t\u00e1nch\u00e1zak \u00e9s n\u00e9pzenei t\u00e1borok keret\u00e9ben. Gyakran adnak koncerteket a Nyugat-Dun\u00e1nt\u00falon, valamint\u2026","rel":"","context":"In &quot;Bands&quot;","block_context":{"text":"Bands","link":"https:\/\/gubineczakos.hu\/en\/category\/zenekarok\/"},"img":{"alt_text":"","src":"https:\/\/gubineczakos.hu\/wp-content\/uploads\/2021\/09\/E1BA695D-449D-4AE9-A197-B60048C88F65.jpeg","width":350,"height":200,"srcset":"https:\/\/gubineczakos.hu\/wp-content\/uploads\/2021\/09\/E1BA695D-449D-4AE9-A197-B60048C88F65.jpeg 1x, https:\/\/gubineczakos.hu\/wp-content\/uploads\/2021\/09\/E1BA695D-449D-4AE9-A197-B60048C88F65.jpeg 1.5x, https:\/\/gubineczakos.hu\/wp-content\/uploads\/2021\/09\/E1BA695D-449D-4AE9-A197-B60048C88F65.jpeg 2x, https:\/\/gubineczakos.hu\/wp-content\/uploads\/2021\/09\/E1BA695D-449D-4AE9-A197-B60048C88F65.jpeg 3x, https:\/\/gubineczakos.hu\/wp-content\/uploads\/2021\/09\/E1BA695D-449D-4AE9-A197-B60048C88F65.jpeg 4x"},"classes":[]},{"id":6507,"url":"https:\/\/gubineczakos.hu\/en\/oktatas\/","url_meta":{"origin":6504,"position":1},"title":"Education","author":"Matis \u00c1d\u00e1m","date":"2021. May 5.","format":false,"excerpt":"Oktat\u00e1s n\u00e9pzenei t\u00e1borokban, kurzusokon, egy\u00e9ni \u00e9s csoportos form\u00e1ban egyar\u00e1nt. Oktatott hangszerek: n\u00e9pi \u00e9nek, citera, n\u00e9pzeneelm\u00e9let..","rel":"","context":"In &quot;Service&quot;","block_context":{"text":"Service","link":"https:\/\/gubineczakos.hu\/en\/category\/service\/"},"img":{"alt_text":"","src":"","width":0,"height":0},"classes":[]},{"id":7066,"url":"https:\/\/gubineczakos.hu\/en\/tarsoly-zenekar\/","url_meta":{"origin":6504,"position":2},"title":"Tarsoly zenekar","author":"Gubinecz \u00c1kos","date":"2021. September 17.","format":false,"excerpt":"A Tarsoly zenekart 2010-ben, a V\u00e1ci\u00a0Bart\u00f3k-Pik\u00e9thy\u00a0Zenem\u0171v\u00e9szeti Szakgimn\u00e1zium\u00a0tanul\u00f3i alap\u00edtott\u00e1k. A F\u00f6lsz\u00e1llott a p\u00e1va telev\u00edzi\u00f3s vet\u00e9lked\u0151ben 2013-ban, mint k\u00f6z\u00e9pd\u00f6nt\u0151s zenekar szerepeltek, majd 2018-ban a D\u00f6nt\u0151k d\u00f6nt\u0151j\u00e9ben is megm\u00e9rettethett\u00e9k magukat. A zenekar fenn\u00e1ll\u00e1sa \u00f3ta rendszeres k\u00eds\u00e9r\u0151k\u00e9nt szerepel hazai\u00a0sz\u00f3l\u00f3 t\u00e1nc \u00e9s koreogr\u00e1fia versenyeken,\u00a0nyaranta\u00a0pedig\u00a0az EFOTT Fesztiv\u00e1l\u00a0nagysiker\u0171\u00a0Muzsika Szigete\u00a0sz\u00ednpad\u00e1nak\u00a0h\u00e1zigazd\u00e1jak\u00e9nt tal\u00e1lkozhat vel\u00fck a k\u00f6z\u00f6ns\u00e9g.","rel":"","context":"In &quot;Bands&quot;","block_context":{"text":"Bands","link":"https:\/\/gubineczakos.hu\/en\/category\/zenekarok\/"},"img":{"alt_text":"","src":"https:\/\/gubineczakos.hu\/wp-content\/uploads\/2021\/09\/IMG_4018_full.jpg","width":350,"height":200,"srcset":"https:\/\/gubineczakos.hu\/wp-content\/uploads\/2021\/09\/IMG_4018_full.jpg 1x, https:\/\/gubineczakos.hu\/wp-content\/uploads\/2021\/09\/IMG_4018_full.jpg 1.5x, https:\/\/gubineczakos.hu\/wp-content\/uploads\/2021\/09\/IMG_4018_full.jpg 2x, https:\/\/gubineczakos.hu\/wp-content\/uploads\/2021\/09\/IMG_4018_full.jpg 3x, https:\/\/gubineczakos.hu\/wp-content\/uploads\/2021\/09\/IMG_4018_full.jpg 4x"},"classes":[]},{"id":7778,"url":"https:\/\/gubineczakos.hu\/en\/treningbol-karanten\/","url_meta":{"origin":6504,"position":3},"title":"Tr\u00e9ningb\u0151l karant\u00e9n","author":"Gubinecz \u00c1kos","date":"2022. February 12.","format":false,"excerpt":"Els\u0151 alkalommal vehettem r\u00e9szt a MUS-E m\u0171v\u00e9szeknek \u00e9s pedag\u00f3gusoknak meghirdetett nemzetk\u00f6zi tr\u00e9ningj\u00e9n, N\u00e9metorsz\u00e1gban. Az utaz\u00e1s azonban nem v\u00e1rt izgalmakat hozott. Hajnali f\u00e9l n\u00e9gykor cs\u00f6rg\u00f6tt az \u00e9breszt\u0151m november 21-\u00e9n: indul\u00e1s a rept\u00e9rre, ir\u00e1ny Frankfurt! A rept\u00e9ren a j\u00e1rv\u00e1nyhelyzet \u00f3ta nagy a szigor \u2013 az olt\u00e1si igazolv\u00e1nyom bemutat\u00e1sa mellett egy, a n\u00e9metorsz\u00e1gi\u2026","rel":"","context":"In &quot;Blog&quot;","block_context":{"text":"Blog","link":"https:\/\/gubineczakos.hu\/en\/category\/blog\/"},"img":{"alt_text":"","src":"https:\/\/gubineczakos.hu\/wp-content\/uploads\/2022\/02\/0110E6FF-C25D-40F6-BE1E-69859F8246F2-scaled.jpeg","width":350,"height":200,"srcset":"https:\/\/gubineczakos.hu\/wp-content\/uploads\/2022\/02\/0110E6FF-C25D-40F6-BE1E-69859F8246F2-scaled.jpeg 1x, https:\/\/gubineczakos.hu\/wp-content\/uploads\/2022\/02\/0110E6FF-C25D-40F6-BE1E-69859F8246F2-scaled.jpeg 1.5x, https:\/\/gubineczakos.hu\/wp-content\/uploads\/2022\/02\/0110E6FF-C25D-40F6-BE1E-69859F8246F2-scaled.jpeg 2x, https:\/\/gubineczakos.hu\/wp-content\/uploads\/2022\/02\/0110E6FF-C25D-40F6-BE1E-69859F8246F2-scaled.jpeg 3x, https:\/\/gubineczakos.hu\/wp-content\/uploads\/2022\/02\/0110E6FF-C25D-40F6-BE1E-69859F8246F2-scaled.jpeg 4x"},"classes":[]},{"id":6919,"url":"https:\/\/gubineczakos.hu\/en\/tokos-zenekar\/","url_meta":{"origin":6504,"position":4},"title":"Tokos zenekar","author":"Gubinecz \u00c1kos","date":"2021. September 8.","format":false,"excerpt":"A 2010-es \u00e9vek elej\u00e9n m\u00e1sodik vir\u00e1gkor\u00e1t \u00e9l\u0151 kolozsv\u00e1ri t\u00e1nch\u00e1zmozgalom hat\u00e1s\u00e1ra \u00f6t kolozsv\u00e1ri zeneakad\u00e9miai hallgat\u00f3 zenekart alap\u00edtott. C\u00e9ljuk els\u0151sorban a helyi di\u00e1ks\u00e1g sz\u00f3rakoztat\u00e1sa volt, f\u0151k\u00e9nt t\u00e1nch\u00e1zakban \u00e9s kocsm\u00e1kban, k\u00e1v\u00e9z\u00f3kban l\u00e9ptek fel. Az iskolai zenei k\u00e9pz\u00e9s mellett egy er\u0151s n\u00e9pzene- \u00e9s n\u00e9pt\u00e1nckult\u00far\u00e1t \u00f6r\u00f6k\u00f6ltek, ki-ki a maga sz\u00e1rmaz\u00e1si hely\u00e9r\u0151l (Kalotaszeg, Erd\u0151vid\u00e9k, H\u00e1romsz\u00e9k), illetve\u2026","rel":"","context":"In &quot;Bands&quot;","block_context":{"text":"Bands","link":"https:\/\/gubineczakos.hu\/en\/category\/zenekarok\/"},"img":{"alt_text":"","src":"https:\/\/gubineczakos.hu\/wp-content\/uploads\/2021\/09\/tokos-zenekar-lezser-arnyek-kulon.png","width":350,"height":200,"srcset":"https:\/\/gubineczakos.hu\/wp-content\/uploads\/2021\/09\/tokos-zenekar-lezser-arnyek-kulon.png 1x, https:\/\/gubineczakos.hu\/wp-content\/uploads\/2021\/09\/tokos-zenekar-lezser-arnyek-kulon.png 1.5x, https:\/\/gubineczakos.hu\/wp-content\/uploads\/2021\/09\/tokos-zenekar-lezser-arnyek-kulon.png 2x, https:\/\/gubineczakos.hu\/wp-content\/uploads\/2021\/09\/tokos-zenekar-lezser-arnyek-kulon.png 3x, https:\/\/gubineczakos.hu\/wp-content\/uploads\/2021\/09\/tokos-zenekar-lezser-arnyek-kulon.png 4x"},"classes":[]},{"id":6910,"url":"https:\/\/gubineczakos.hu\/en\/juhasz-zenekar\/","url_meta":{"origin":6504,"position":5},"title":"Juh\u00e1sz zenekar","author":"Gubinecz \u00c1kos","date":"2021. September 8.","format":false,"excerpt":"A Juh\u00e1sz zenekar 2000 tavasz\u00e1n alakult Szabadk\u00e1n. Az egy\u00fcttmuzsik\u00e1l\u00e1s \u00f6r\u00f6me \u00e9s a magyar n\u00e9pzeneszeretete hozta \u00f6ssze a tagokat. Fontos sz\u00e1mukra a hagyom\u00e1nyok tisztelete, tov\u00e1bbad\u00e1sa.El\u0151ad\u00e1sm\u00f3djukra jellemz\u0151 az energikus megsz\u00f3lal\u00e1s, a hars\u00e1ny, \u00e9leter\u0151s \u00e9nek, a nagyk\u00f6z\u00f6ns\u00e9g \u00e9s at\u00e1ncosok al\u00e1zatos szolg\u00e1lata.","rel":"","context":"In &quot;Bands&quot;","block_context":{"text":"Bands","link":"https:\/\/gubineczakos.hu\/en\/category\/zenekarok\/"},"img":{"alt_text":"","src":"https:\/\/gubineczakos.hu\/wp-content\/uploads\/2021\/09\/Juhasz.jpg","width":350,"height":200,"srcset":"https:\/\/gubineczakos.hu\/wp-content\/uploads\/2021\/09\/Juhasz.jpg 1x, https:\/\/gubineczakos.hu\/wp-content\/uploads\/2021\/09\/Juhasz.jpg 1.5x, https:\/\/gubineczakos.hu\/wp-content\/uploads\/2021\/09\/Juhasz.jpg 2x, https:\/\/gubineczakos.hu\/wp-content\/uploads\/2021\/09\/Juhasz.jpg 3x, https:\/\/gubineczakos.hu\/wp-content\/uploads\/2021\/09\/Juhasz.jpg 4x"},"classes":[]}],"jetpack_sharing_enabled":true,"_links":{"self":[{"href":"https:\/\/gubineczakos.hu\/en\/wp-json\/wp\/v2\/posts\/6504","targetHints":{"allow":["GET"]}}],"collection":[{"href":"https:\/\/gubineczakos.hu\/en\/wp-json\/wp\/v2\/posts"}],"about":[{"href":"https:\/\/gubineczakos.hu\/en\/wp-json\/wp\/v2\/types\/post"}],"author":[{"embeddable":true,"href":"https:\/\/gubineczakos.hu\/en\/wp-json\/wp\/v2\/users\/2"}],"replies":[{"embeddable":true,"href":"https:\/\/gubineczakos.hu\/en\/wp-json\/wp\/v2\/comments?post=6504"}],"version-history":[{"count":1,"href":"https:\/\/gubineczakos.hu\/en\/wp-json\/wp\/v2\/posts\/6504\/revisions"}],"predecessor-version":[{"id":8017,"href":"https:\/\/gubineczakos.hu\/en\/wp-json\/wp\/v2\/posts\/6504\/revisions\/8017"}],"wp:featuredmedia":[{"embeddable":true,"href":"https:\/\/gubineczakos.hu\/en\/wp-json\/wp\/v2\/media\/5811"}],"wp:attachment":[{"href":"https:\/\/gubineczakos.hu\/en\/wp-json\/wp\/v2\/media?parent=6504"}],"wp:term":[{"taxonomy":"category","embeddable":true,"href":"https:\/\/gubineczakos.hu\/en\/wp-json\/wp\/v2\/categories?post=6504"},{"taxonomy":"post_tag","embeddable":true,"href":"https:\/\/gubineczakos.hu\/en\/wp-json\/wp\/v2\/tags?post=6504"}],"curies":[{"name":"wp","href":"https:\/\/api.w.org\/{rel}","templated":true}]}}