{"id":7231,"date":"2021-09-23T20:14:22","date_gmt":"2021-09-23T19:14:22","guid":{"rendered":"https:\/\/gubineczakos.hu\/?p=7231"},"modified":"2021-09-23T20:14:24","modified_gmt":"2021-09-23T19:14:24","slug":"muravideki-dalarda","status":"publish","type":"post","link":"https:\/\/gubineczakos.hu\/en\/muravideki-dalarda\/","title":{"rendered":"Muravid\u00e9ki Dal\u00e1rda"},"content":{"rendered":"<div id=\"modal-ready\">\n<p>A Muravid\u00e9ki Dal\u00e1rda a \u201eHat\u00e1rtalan f\u00e9rfi\u00e9nek\u201d c\u00edm\u0171 projektnek k\u00f6sz\u00f6nhet\u0151en alakult meg. Tagjai a t\u00e9rs\u00e9g t\u00f6bb pontj\u00e1r\u00f3l sz\u00e1rmaznak, az egy\u00fcttest a n\u00e9pzene \u00e9s a n\u00e9pdalok szeretete hozta \u00f6ssze. Az eredetileg alkalmi fel\u00e1ll\u00e1snak indul\u00f3 f\u00e9rfiegy\u00fcttes c\u00e9lja, hogy a k\u00f6zelj\u00f6v\u0151ben gyarap\u00edts\u00e1k n\u00e9pdaltud\u00e1sukat, \u00e9s gyakran \u00e9nekelhessenek egy\u00fctt maguk \u00e9s a k\u00f6z\u00f6ns\u00e9g \u00f6r\u00f6m\u00e9re. <\/p>\n<\/div>","protected":false},"excerpt":{"rendered":"<p>A Muravid\u00e9ki Dal\u00e1rda a \u201eHat\u00e1rtalan f\u00e9rfi\u00e9nek\u201d c\u00edm\u0171 projektnek k\u00f6sz\u00f6nhet\u0151en alakult meg. Tagjai a t\u00e9rs\u00e9g t\u00f6bb pontj\u00e1r\u00f3l sz\u00e1rmaznak, az egy\u00fcttest a n\u00e9pzene \u00e9s a n\u00e9pdalok szeretete hozta \u00f6ssze. Az eredetileg alkalmi<\/p>\n<p class=\"more-link\"><a href=\"https:\/\/gubineczakos.hu\/en\/muravideki-dalarda\/\" class=\"readmore\"><span class=\"screen-reader-text\">Muravid\u00e9ki Dal\u00e1rda<\/span><\/a><\/p>","protected":false},"author":1,"featured_media":7238,"comment_status":"open","ping_status":"open","sticky":false,"template":"","format":"standard","meta":{"inline_featured_image":false,"_uag_custom_page_level_css":"","_uf_show_specific_survey":0,"_uf_disable_surveys":false,"_jetpack_memberships_contains_paid_content":false,"footnotes":""},"categories":[110],"tags":[],"class_list":["post-7231","post","type-post","status-publish","format-standard","has-post-thumbnail","hentry","category-zenekarok"],"jetpack_featured_media_url":"https:\/\/gubineczakos.hu\/wp-content\/uploads\/2021\/09\/DSC_0455-scaled.jpg","uagb_featured_image_src":{"full":["https:\/\/gubineczakos.hu\/wp-content\/uploads\/2021\/09\/DSC_0455-scaled.jpg",2560,2042,false],"thumbnail":["https:\/\/gubineczakos.hu\/wp-content\/uploads\/2021\/09\/DSC_0455-150x150.jpg",150,150,true],"medium":["https:\/\/gubineczakos.hu\/wp-content\/uploads\/2021\/09\/DSC_0455-300x239.jpg",300,239,true],"medium_large":["https:\/\/gubineczakos.hu\/wp-content\/uploads\/2021\/09\/DSC_0455-768x613.jpg",768,613,true],"large":["https:\/\/gubineczakos.hu\/wp-content\/uploads\/2021\/09\/DSC_0455-1024x817.jpg",920,734,true],"1536x1536":["https:\/\/gubineczakos.hu\/wp-content\/uploads\/2021\/09\/DSC_0455-1536x1225.jpg",1536,1225,true],"2048x2048":["https:\/\/gubineczakos.hu\/wp-content\/uploads\/2021\/09\/DSC_0455-2048x1634.jpg",2048,1634,true],"trp-custom-language-flag":["https:\/\/gubineczakos.hu\/wp-content\/uploads\/2021\/09\/DSC_0455-scaled.jpg",15,12,false],"ect-jetpack-portfolio-featured":["https:\/\/gubineczakos.hu\/wp-content\/uploads\/2021\/09\/DSC_0455-640x640.jpg",640,640,true],"ect-featured-content":["https:\/\/gubineczakos.hu\/wp-content\/uploads\/2021\/09\/DSC_0455-640x640.jpg",640,640,true],"ect-service":["https:\/\/gubineczakos.hu\/wp-content\/uploads\/2021\/09\/DSC_0455-640x640.jpg",640,640,true],"ultp_layout_landscape_large":["https:\/\/gubineczakos.hu\/wp-content\/uploads\/2021\/09\/DSC_0455-1200x800.jpg",1200,800,true],"ultp_layout_landscape":["https:\/\/gubineczakos.hu\/wp-content\/uploads\/2021\/09\/DSC_0455-870x570.jpg",870,570,true],"ultp_layout_portrait":["https:\/\/gubineczakos.hu\/wp-content\/uploads\/2021\/09\/DSC_0455-600x900.jpg",600,900,true],"ultp_layout_square":["https:\/\/gubineczakos.hu\/wp-content\/uploads\/2021\/09\/DSC_0455-600x600.jpg",600,600,true],"post-thumbnail":["https:\/\/gubineczakos.hu\/wp-content\/uploads\/2021\/09\/DSC_0455-640x640.jpg",640,640,true],"euphony-archive":["https:\/\/gubineczakos.hu\/wp-content\/uploads\/2021\/09\/DSC_0455-920x3052.jpg",920,3052,true],"euphony-archive-landscape":["https:\/\/gubineczakos.hu\/wp-content\/uploads\/2021\/09\/DSC_0455-580x435.jpg",580,435,true],"euphony-archive-portrait":["https:\/\/gubineczakos.hu\/wp-content\/uploads\/2021\/09\/DSC_0455-580x773.jpg",580,773,true],"euphony-slider":["https:\/\/gubineczakos.hu\/wp-content\/uploads\/2021\/09\/DSC_0455-1920x1080.jpg",1920,1080,true],"euphony-testimonial":["https:\/\/gubineczakos.hu\/wp-content\/uploads\/2021\/09\/DSC_0455-720x720.jpg",720,720,true],"euphony-stats":["https:\/\/gubineczakos.hu\/wp-content\/uploads\/2021\/09\/DSC_0455-70x70.jpg",70,70,true],"euphony-team":["https:\/\/gubineczakos.hu\/wp-content\/uploads\/2021\/09\/DSC_0455-640x853.jpg",640,853,true],"euphony-service":["https:\/\/gubineczakos.hu\/wp-content\/uploads\/2021\/09\/DSC_0455-80x80.jpg",80,80,true],"euphony-logo-slider":["https:\/\/gubineczakos.hu\/wp-content\/uploads\/2021\/09\/DSC_0455-175x133.jpg",175,133,true],"bdpp-medium":["https:\/\/gubineczakos.hu\/wp-content\/uploads\/2021\/09\/DSC_0455-scaled.jpg",602,480,false],"jetpack-portfolio-admin-thumb":["https:\/\/gubineczakos.hu\/wp-content\/uploads\/2021\/09\/DSC_0455-50x50.jpg",50,50,true],"featured-content-admin-thumb":["https:\/\/gubineczakos.hu\/wp-content\/uploads\/2021\/09\/DSC_0455-50x50.jpg",50,50,true],"service-admin-thumb":["https:\/\/gubineczakos.hu\/wp-content\/uploads\/2021\/09\/DSC_0455-50x50.jpg",50,50,true],"woocommerce_thumbnail":["https:\/\/gubineczakos.hu\/wp-content\/uploads\/2021\/09\/DSC_0455-scaled-300x300.jpg",300,300,true],"woocommerce_single":["https:\/\/gubineczakos.hu\/wp-content\/uploads\/2021\/09\/DSC_0455-scaled-600x479.jpg",600,479,true],"woocommerce_gallery_thumbnail":["https:\/\/gubineczakos.hu\/wp-content\/uploads\/2021\/09\/DSC_0455-scaled-100x100.jpg",100,100,true],"awb_sm":["https:\/\/gubineczakos.hu\/wp-content\/uploads\/2021\/09\/DSC_0455-500x399.jpg",500,399,true],"awb_md":["https:\/\/gubineczakos.hu\/wp-content\/uploads\/2021\/09\/DSC_0455-800x638.jpg",800,638,true],"awb_lg":["https:\/\/gubineczakos.hu\/wp-content\/uploads\/2021\/09\/DSC_0455-1280x1021.jpg",1280,1021,true],"awb_xl":["https:\/\/gubineczakos.hu\/wp-content\/uploads\/2021\/09\/DSC_0455-1920x1532.jpg",1920,1532,true]},"uagb_author_info":{"display_name":"Gubinecz \u00c1kos","author_link":"https:\/\/gubineczakos.hu\/en\/author\/gubineczakosgmail-com\/"},"uagb_comment_info":0,"uagb_excerpt":"A Muravid\u00e9ki Dal\u00e1rda a \u201eHat\u00e1rtalan f\u00e9rfi\u00e9nek\u201d c\u00edm\u0171 projektnek k\u00f6sz\u00f6nhet\u0151en alakult meg. Tagjai a t\u00e9rs\u00e9g t\u00f6bb pontj\u00e1r\u00f3l sz\u00e1rmaznak, az egy\u00fcttest a n\u00e9pzene \u00e9s a n\u00e9pdalok szeretete hozta \u00f6ssze. Az eredetileg alkalmiMuravid\u00e9ki Dal\u00e1rda","jetpack_shortlink":"https:\/\/wp.me\/pcNYq5-1SD","jetpack-related-posts":[{"id":6936,"url":"https:\/\/gubineczakos.hu\/en\/muravidek\/","url_meta":{"origin":7231,"position":0},"title":"Muravid\u00e9k","author":"Gubinecz \u00c1kos","date":"2021. September 8.","format":false,"excerpt":"Muravid\u00e9k A muravid\u00e9ki magyars\u00e1g sok megpr\u00f3b\u00e1ltat\u00e1son ment kereszt\u00fcl az elm\u00falt sz\u00e1z \u00e9vben, de zen\u00e9j\u00e9t megtartotta, \u00e9s a nyugatr\u00f3l \u00e9rkez\u0151 hat\u00e1sokkal tov\u00e1bbfejlesztette. Megtal\u00e1lhat\u00f3k a Zala megy\u00e9ben is kedvelt p\u00e1ros\u00edt\u00f3k, szok\u00e1sdallamok, de az \u00faj st\u00edlus\u00fa katonadaloknak is nagy hagyom\u00e1nya volt a vid\u00e9ken. B\u00e1r a Muravid\u00e9ken folyamatosan cs\u00f6kken a magyar n\u00e9pess\u00e9g sz\u00e1ma, az\u2026","rel":"","context":"In &quot;T\u00e1jegys\u00e9gek&quot;","block_context":{"text":"T\u00e1jegys\u00e9gek","link":"https:\/\/gubineczakos.hu\/en\/category\/tajegysegek\/"},"img":{"alt_text":"","src":"","width":0,"height":0},"classes":[]},{"id":7227,"url":"https:\/\/gubineczakos.hu\/en\/csade-zenekar\/","url_meta":{"origin":7231,"position":1},"title":"Cs\u00e1d\u00e9 zenekar","author":"Gubinecz \u00c1kos","date":"2021. September 23.","format":false,"excerpt":"A 2014-ben alakult Cs\u00e1d\u00e9 zenekar fiatal zalai n\u00e9pzen\u00e9szekb\u0151l \u00e1ll. A zenekar m\u00e1r a megalakul\u00e1st\u00f3l kezdve t\u00f6rekedett arra, hogy a K\u00e1rp\u00e1t-medence sz\u00ednes zenei vil\u00e1g\u00e1nak reperto\u00e1rj\u00e1b\u00f3l min\u00e9l t\u00f6bbet elsaj\u00e1t\u00edtson. Legfontosabb c\u00e9ljuk, hogy a magyar n\u00e9pzen\u00e9t bemutass\u00e1k \u00e9s \u00e1tadj\u00e1k minden gener\u00e1ci\u00f3nak koncertek, t\u00e1nch\u00e1zak \u00e9s n\u00e9pzenei t\u00e1borok keret\u00e9ben. Gyakran adnak koncerteket a Nyugat-Dun\u00e1nt\u00falon, valamint\u2026","rel":"","context":"In &quot;Bands&quot;","block_context":{"text":"Bands","link":"https:\/\/gubineczakos.hu\/en\/category\/zenekarok\/"},"img":{"alt_text":"","src":"https:\/\/gubineczakos.hu\/wp-content\/uploads\/2021\/09\/E1BA695D-449D-4AE9-A197-B60048C88F65.jpeg","width":350,"height":200,"srcset":"https:\/\/gubineczakos.hu\/wp-content\/uploads\/2021\/09\/E1BA695D-449D-4AE9-A197-B60048C88F65.jpeg 1x, https:\/\/gubineczakos.hu\/wp-content\/uploads\/2021\/09\/E1BA695D-449D-4AE9-A197-B60048C88F65.jpeg 1.5x, https:\/\/gubineczakos.hu\/wp-content\/uploads\/2021\/09\/E1BA695D-449D-4AE9-A197-B60048C88F65.jpeg 2x, https:\/\/gubineczakos.hu\/wp-content\/uploads\/2021\/09\/E1BA695D-449D-4AE9-A197-B60048C88F65.jpeg 3x, https:\/\/gubineczakos.hu\/wp-content\/uploads\/2021\/09\/E1BA695D-449D-4AE9-A197-B60048C88F65.jpeg 4x"},"classes":[]},{"id":6443,"url":"https:\/\/gubineczakos.hu\/en\/etnikumok-egyuttelese\/","url_meta":{"origin":7231,"position":2},"title":"Etnikumok egy\u00fctt\u00e9l\u00e9se","author":"Matis \u00c1d\u00e1m","date":"2021. May 4.","format":false,"excerpt":"N\u00e9pzen\u00e9nk, n\u00e9pdalaink ter\u00fclett\u0151l f\u00fcgg\u0151en soksz\u00edn\u0171ek, r\u00e1ad\u00e1sul az \u00e9vsz\u00e1zadok sor\u00e1n folytonos v\u00e1ltoz\u00e1son mentek kereszt\u00fcl. Vajon minek k\u00f6sz\u00f6nhet\u0151 ez a gazdag zenei kult\u00fara? Mennyiben j\u00e1rult hozz\u00e1 a magyar n\u00e9pzene fejl\u0151d\u00e9s\u00e9hez a m\u00e1s n\u00e9pekkel val\u00f3 tal\u00e1lkoz\u00e1s \u00e9s hosszabb ideig tart\u00f3 egy\u00fctt\u00e9l\u00e9s? M\u00e1r a 20. sz\u00e1zadi magyar n\u00e9pzenekutat\u00e1s k\u00e9t legnagyobb alakj\u00e1nak, Bart\u00f3k B\u00e9l\u00e1nak \u00e9s\u2026","rel":"","context":"In &quot;Blog&quot;","block_context":{"text":"Blog","link":"https:\/\/gubineczakos.hu\/en\/category\/blog\/"},"img":{"alt_text":"","src":"https:\/\/gubineczakos.hu\/wp-content\/uploads\/2018\/07\/C29862D3-7ABE-416B-9BD0-0FDF1314CB3A.jpeg","width":350,"height":200,"srcset":"https:\/\/gubineczakos.hu\/wp-content\/uploads\/2018\/07\/C29862D3-7ABE-416B-9BD0-0FDF1314CB3A.jpeg 1x, https:\/\/gubineczakos.hu\/wp-content\/uploads\/2018\/07\/C29862D3-7ABE-416B-9BD0-0FDF1314CB3A.jpeg 1.5x, https:\/\/gubineczakos.hu\/wp-content\/uploads\/2018\/07\/C29862D3-7ABE-416B-9BD0-0FDF1314CB3A.jpeg 2x, https:\/\/gubineczakos.hu\/wp-content\/uploads\/2018\/07\/C29862D3-7ABE-416B-9BD0-0FDF1314CB3A.jpeg 3x"},"classes":[]},{"id":6987,"url":"https:\/\/gubineczakos.hu\/en\/gyimes\/","url_meta":{"origin":7231,"position":3},"title":"Gyimes","author":"Matis \u00c1d\u00e1m","date":"2021. September 17.","format":false,"excerpt":"Gyimes Gyimes a Cs\u00edki havasokb\u00f3l Moldva fel\u00e9 tart\u00f3 Tatros foly\u00f3 partj\u00e1n helyezkedik el. A f\u0151k\u00e9nt fakitermel\u00e9ssel \u00e9s havasi \u00e1llatteny\u00e9szt\u00e9ssel foglalkoz\u00f3 gyimesi cs\u00e1ng\u00f3k h\u00e1rom faluban telepedtek le: Gyimesk\u00f6z\u00e9plok, Gyimesfels\u0151lok, \u00e9s Gyimesb\u00fckk. Az \u0151ket k\u00f6r\u00fclvev\u0151 hegys\u00e9geknek k\u00f6sz\u00f6nhet\u0151en elz\u00e1rts\u00e1g, \u00e9s ebb\u0151l ad\u00f3d\u00f3an a r\u00e9gi \u00e9rt\u00e9kes dallamok \u00e9s t\u00e1ncok jelenl\u00e9te jellemzi n\u00e9pzen\u00e9j\u00fcket. Megtal\u00e1lhat\u00f3ak nagy\u2026","rel":"","context":"In &quot;T\u00e1jegys\u00e9gek&quot;","block_context":{"text":"T\u00e1jegys\u00e9gek","link":"https:\/\/gubineczakos.hu\/en\/category\/tajegysegek\/"},"img":{"alt_text":"","src":"","width":0,"height":0},"classes":[]},{"id":6914,"url":"https:\/\/gubineczakos.hu\/en\/uszturu-zenekar\/","url_meta":{"origin":7231,"position":4},"title":"\u00dcszt\u00fcr\u00fc zenekar","author":"Gubinecz \u00c1kos","date":"2021. September 8.","format":false,"excerpt":"Az Egy\u00fcttest 1992-ben fiatal kolozsv\u00e1ri magyar egyetemist\u00e1k alak\u00edtott\u00e1k, akik az eredeti magyar n\u00e9pzene gy\u0171jt\u00e9s\u00e9re, megismer\u00e9s\u00e9re\u00a0\u00e9s\u00a0tov\u00e1bbad\u00e1s\u00e1ra\u00a0sz\u00e1nt\u00e1k \u00e9let\u00fcket.\u00a0Hiszik \u00e9s vallj\u00e1k, hogy a n\u00e9pzen\u00e9t, n\u00e9pt\u00e1ncot igaz\u00e1n megtanulni nem elm\u00e9leti apr\u00f3 r\u00e9szletek boncolgat\u00e1s\u00e1val, hanem ink\u00e1bb m\u0171vel\u00e9ssel, \u00e9lm\u00e9nyek tapasztal\u00e1s\u00e1val lehet.\u00a0Izgalmas \u00e9s sz\u00ednes m\u0171soraikban megeml\u00e9keznek mestereikr\u0151l, \u00e9s a magyar n\u00e9pzenei hagyom\u00e1nyok szebbn\u00e9l szebb, ritk\u00e1n hallott, p\u00e9ld\u00e1ival\u2026","rel":"","context":"In &quot;Bands&quot;","block_context":{"text":"Bands","link":"https:\/\/gubineczakos.hu\/en\/category\/zenekarok\/"},"img":{"alt_text":"","src":"https:\/\/gubineczakos.hu\/wp-content\/uploads\/2021\/09\/uszturu_ff_35.jpg","width":350,"height":200,"srcset":"https:\/\/gubineczakos.hu\/wp-content\/uploads\/2021\/09\/uszturu_ff_35.jpg 1x, https:\/\/gubineczakos.hu\/wp-content\/uploads\/2021\/09\/uszturu_ff_35.jpg 1.5x, https:\/\/gubineczakos.hu\/wp-content\/uploads\/2021\/09\/uszturu_ff_35.jpg 2x, https:\/\/gubineczakos.hu\/wp-content\/uploads\/2021\/09\/uszturu_ff_35.jpg 3x"},"classes":[]},{"id":6438,"url":"https:\/\/gubineczakos.hu\/en\/mus-e-orak-kodaly-szellemeben\/","url_meta":{"origin":7231,"position":5},"title":"Mus-e \u00f3r\u00e1k Kod\u00e1ly szellem\u00e9ben","author":"Matis \u00c1d\u00e1m","date":"2021. May 4.","format":false,"excerpt":"Az 1993-ben Yehudi Menuhin kezdem\u00e9nyez\u00e9s\u00e9re megalap\u00edtott MUS-E (Music Europe) mintaprogram c\u00e9lja, hogy a m\u0171v\u00e9szet \u00e9s az iskola egym\u00e1st seg\u00edtve hasson a fiatalokra. A Magyarorsz\u00e1gon is egyre n\u00e9pszer\u0171bb nemzetk\u00f6zi szervezet alapja a Kod\u00e1ly-m\u00f3dszer, \u00edgy haz\u00e1nkban a foglalkoz\u00e1sokon rendk\u00edv\u00fcl fontos szerepet j\u00e1tszik n\u00e9pdalaink, n\u00e9pm\u0171v\u00e9szeti \u00e9rt\u00e9keink tov\u00e1bbad\u00e1sa. A vil\u00e1gon sz\u00e1mos int\u00e9zm\u00e9ny \u00e9s alap\u00edtv\u00e1ny\u2026","rel":"","context":"In &quot;Blog&quot;","block_context":{"text":"Blog","link":"https:\/\/gubineczakos.hu\/en\/category\/blog\/"},"img":{"alt_text":"","src":"https:\/\/gubineczakos.hu\/wp-content\/uploads\/2018\/07\/IMG_3832-scaled.jpg","width":350,"height":200,"srcset":"https:\/\/gubineczakos.hu\/wp-content\/uploads\/2018\/07\/IMG_3832-scaled.jpg 1x, https:\/\/gubineczakos.hu\/wp-content\/uploads\/2018\/07\/IMG_3832-scaled.jpg 1.5x, https:\/\/gubineczakos.hu\/wp-content\/uploads\/2018\/07\/IMG_3832-scaled.jpg 2x, https:\/\/gubineczakos.hu\/wp-content\/uploads\/2018\/07\/IMG_3832-scaled.jpg 3x, https:\/\/gubineczakos.hu\/wp-content\/uploads\/2018\/07\/IMG_3832-scaled.jpg 4x"},"classes":[]}],"jetpack_sharing_enabled":true,"_links":{"self":[{"href":"https:\/\/gubineczakos.hu\/en\/wp-json\/wp\/v2\/posts\/7231","targetHints":{"allow":["GET"]}}],"collection":[{"href":"https:\/\/gubineczakos.hu\/en\/wp-json\/wp\/v2\/posts"}],"about":[{"href":"https:\/\/gubineczakos.hu\/en\/wp-json\/wp\/v2\/types\/post"}],"author":[{"embeddable":true,"href":"https:\/\/gubineczakos.hu\/en\/wp-json\/wp\/v2\/users\/1"}],"replies":[{"embeddable":true,"href":"https:\/\/gubineczakos.hu\/en\/wp-json\/wp\/v2\/comments?post=7231"}],"version-history":[{"count":0,"href":"https:\/\/gubineczakos.hu\/en\/wp-json\/wp\/v2\/posts\/7231\/revisions"}],"wp:featuredmedia":[{"embeddable":true,"href":"https:\/\/gubineczakos.hu\/en\/wp-json\/wp\/v2\/media\/7238"}],"wp:attachment":[{"href":"https:\/\/gubineczakos.hu\/en\/wp-json\/wp\/v2\/media?parent=7231"}],"wp:term":[{"taxonomy":"category","embeddable":true,"href":"https:\/\/gubineczakos.hu\/en\/wp-json\/wp\/v2\/categories?post=7231"},{"taxonomy":"post_tag","embeddable":true,"href":"https:\/\/gubineczakos.hu\/en\/wp-json\/wp\/v2\/tags?post=7231"}],"curies":[{"name":"wp","href":"https:\/\/api.w.org\/{rel}","templated":true}]}}